{"id":1257,"date":"2012-12-12T11:21:58","date_gmt":"2012-12-12T11:21:58","guid":{"rendered":"http:\/\/www.dedaleseditions.com\/site\/?p=1257"},"modified":"2012-12-15T19:06:39","modified_gmt":"2012-12-15T19:06:39","slug":"dedales-a-colomiers","status":"publish","type":"post","link":"https:\/\/www.dedaleseditions.com\/site\/evenements\/dedales-a-colomiers\/","title":{"rendered":"D\u00e9dales \u00e0 Colomiers"},"content":{"rendered":"<p>Nous \u00e9tions au fameux festival de BD de Colomiers le mois dernier, l&rsquo;occasion d&rsquo;\u00e9trenner notre nouvelle banderole !!<\/p>\n<p>Nous remercions le festival pour son accueil chaleureux et son organisation aux petits soins, rendez-vous est pris pour l&rsquo;ann\u00e9e prochaine !<\/p>\n<p style=\"text-align: center;\"><a title=\"D\u00e9dales \u00e0 Colomiers 2012\" href=\"http:\/\/www.dedaleseditions.com\/site\/wp-content\/uploads\/2012\/12\/CIMG7462.jpg\"><img loading=\"lazy\" decoding=\"async\" class=\"aligncenter  wp-image-1262\" title=\"Colomier2012\" src=\"http:\/\/www.dedaleseditions.com\/site\/wp-content\/uploads\/2012\/12\/CIMG7462.jpg\" alt=\"\" width=\"600\" height=\"451\" srcset=\"https:\/\/www.dedaleseditions.com\/site\/wp-content\/uploads\/2012\/12\/CIMG7462.jpg 2560w, https:\/\/www.dedaleseditions.com\/site\/wp-content\/uploads\/2012\/12\/CIMG7462-600x450.jpg 600w\" sizes=\"auto, (max-width: 600px) 100vw, 600px\" \/><\/a><\/p>\n<p style=\"text-align: left;\">ngg_shortcode_0_placeholder<br \/>\nMerci \u00e0 Ugo, Elo\u00efse, K\u00e9vin et Mathieu&#8230;<\/p>\n","protected":false},"excerpt":{"rendered":"<p>Nous \u00e9tions au fameux festival de BD de Colomiers le mois dernier, l&rsquo;occasion d&rsquo;\u00e9trenner notre nouvelle banderole !! Nous remercions le festival pour son accueil chaleureux et son organisation aux petits soins, rendez-vous est pris pour l&rsquo;ann\u00e9e prochaine ! Merci \u00e0 Ugo, Elo\u00efse, K\u00e9vin et Mathieu&#8230;<\/p>\n","protected":false},"author":1,"featured_media":0,"comment_status":"closed","ping_status":"closed","sticky":false,"template":"","format":"standard","meta":{"ngg_post_thumbnail":0,"footnotes":""},"categories":[36],"tags":[],"class_list":["post-1257","post","type-post","status-publish","format-standard","hentry","category-evenements"],"_links":{"self":[{"href":"https:\/\/www.dedaleseditions.com\/site\/wp-json\/wp\/v2\/posts\/1257","targetHints":{"allow":["GET"]}}],"collection":[{"href":"https:\/\/www.dedaleseditions.com\/site\/wp-json\/wp\/v2\/posts"}],"about":[{"href":"https:\/\/www.dedaleseditions.com\/site\/wp-json\/wp\/v2\/types\/post"}],"author":[{"embeddable":true,"href":"https:\/\/www.dedaleseditions.com\/site\/wp-json\/wp\/v2\/users\/1"}],"replies":[{"embeddable":true,"href":"https:\/\/www.dedaleseditions.com\/site\/wp-json\/wp\/v2\/comments?post=1257"}],"version-history":[{"count":11,"href":"https:\/\/www.dedaleseditions.com\/site\/wp-json\/wp\/v2\/posts\/1257\/revisions"}],"predecessor-version":[{"id":1290,"href":"https:\/\/www.dedaleseditions.com\/site\/wp-json\/wp\/v2\/posts\/1257\/revisions\/1290"}],"wp:attachment":[{"href":"https:\/\/www.dedaleseditions.com\/site\/wp-json\/wp\/v2\/media?parent=1257"}],"wp:term":[{"taxonomy":"category","embeddable":true,"href":"https:\/\/www.dedaleseditions.com\/site\/wp-json\/wp\/v2\/categories?post=1257"},{"taxonomy":"post_tag","embeddable":true,"href":"https:\/\/www.dedaleseditions.com\/site\/wp-json\/wp\/v2\/tags?post=1257"}],"curies":[{"name":"wp","href":"https:\/\/api.w.org\/{rel}","templated":true}]}}