{"id":750,"date":"2012-03-25T13:09:29","date_gmt":"2012-03-25T13:09:29","guid":{"rendered":"http:\/\/www.dedaleseditions.com\/site\/?p=750"},"modified":"2013-09-08T11:38:53","modified_gmt":"2013-09-08T11:38:53","slug":"en-mars-atelier-masques-a-la-cite-2","status":"publish","type":"post","link":"https:\/\/www.dedaleseditions.com\/site\/actualites\/en-mars-atelier-masques-a-la-cite-2\/","title":{"rendered":"En mars: D\u00e9dales organise des ateliers \u00ab\u00a0Masques\u00a0\u00bb \u00e0 la Cit\u00e9"},"content":{"rendered":"<p>Pendant le mois de mars D\u00e9dales avec la Cit\u00e9 internationale de la bande dessin\u00e9e organise des ateliers p\u00e9dagogiques. Au menu, confection de masques!<br \/>\nCet Atelier se d\u00e9roule tous les samedi du mois de mars, sur inscription aupr\u00e8s de du mus\u00e9e de la Cit\u00e9, pour les enfants de 6 \u00e0 12 ans.<br \/>\nngg_shortcode_0_placeholder<\/p>\n","protected":false},"excerpt":{"rendered":"<p>Pendant le mois de mars D\u00e9dales avec la Cit\u00e9 internationale de la bande dessin\u00e9e organise des ateliers p\u00e9dagogiques. Au menu, confection de masques! Cet Atelier se d\u00e9roule tous les samedi du mois de mars, sur inscription aupr\u00e8s de du mus\u00e9e de la Cit\u00e9, pour les enfants de 6 \u00e0 12 ans.<\/p>\n","protected":false},"author":1,"featured_media":0,"comment_status":"closed","ping_status":"closed","sticky":false,"template":"","format":"standard","meta":{"ngg_post_thumbnail":0,"footnotes":""},"categories":[4,36],"tags":[],"class_list":["post-750","post","type-post","status-publish","format-standard","hentry","category-actualites","category-evenements"],"_links":{"self":[{"href":"https:\/\/www.dedaleseditions.com\/site\/wp-json\/wp\/v2\/posts\/750","targetHints":{"allow":["GET"]}}],"collection":[{"href":"https:\/\/www.dedaleseditions.com\/site\/wp-json\/wp\/v2\/posts"}],"about":[{"href":"https:\/\/www.dedaleseditions.com\/site\/wp-json\/wp\/v2\/types\/post"}],"author":[{"embeddable":true,"href":"https:\/\/www.dedaleseditions.com\/site\/wp-json\/wp\/v2\/users\/1"}],"replies":[{"embeddable":true,"href":"https:\/\/www.dedaleseditions.com\/site\/wp-json\/wp\/v2\/comments?post=750"}],"version-history":[{"count":6,"href":"https:\/\/www.dedaleseditions.com\/site\/wp-json\/wp\/v2\/posts\/750\/revisions"}],"predecessor-version":[{"id":909,"href":"https:\/\/www.dedaleseditions.com\/site\/wp-json\/wp\/v2\/posts\/750\/revisions\/909"}],"wp:attachment":[{"href":"https:\/\/www.dedaleseditions.com\/site\/wp-json\/wp\/v2\/media?parent=750"}],"wp:term":[{"taxonomy":"category","embeddable":true,"href":"https:\/\/www.dedaleseditions.com\/site\/wp-json\/wp\/v2\/categories?post=750"},{"taxonomy":"post_tag","embeddable":true,"href":"https:\/\/www.dedaleseditions.com\/site\/wp-json\/wp\/v2\/tags?post=750"}],"curies":[{"name":"wp","href":"https:\/\/api.w.org\/{rel}","templated":true}]}}